{"id":276,"date":"2025-11-11T13:16:00","date_gmt":"2025-11-11T12:16:00","guid":{"rendered":"https:\/\/www.fegs-oftersheim.de\/?p=276"},"modified":"2025-11-11T13:16:02","modified_gmt":"2025-11-11T12:16:02","slug":"waldtag-der-2-klassen-mit-peter-roesch","status":"publish","type":"post","link":"https:\/\/www.fegs-oftersheim.de\/index.php\/2025\/11\/11\/waldtag-der-2-klassen-mit-peter-roesch\/","title":{"rendered":"Waldtag der 2. Klassen mit Peter R\u00f6sch"},"content":{"rendered":"\n<p>An einem goldenen Herbsttag begann das neue Sachunterrichtsthema \u201eDer Wald\u201c nicht im Klassenzimmer, sondern in der Natur. Die Kinder der 2. Klassen liefen zusammen mit ihren Lehrerinnen und Peter R\u00f6sch in den Wald beim D\u00fcnenklassenzimmer. Nach einem ausgiebigen Picknick wurde erst einmal flei\u00dfig mit St\u00f6cken und Bl\u00e4ttern gebaut oder gespielt. Anschlie\u00dfend sollten Bl\u00e4tter und Fr\u00fcchte gesammelt und bestimmt werden. Viele Kinder erkannten die Buche, die Eiche, den Ahorn und die Kiefer wieder. Denn bereits im 1. Schuljahr waren die B\u00e4ume schon einmal Thema im Sachunterricht gewesen. Einige Kinder suchten sogar Pilze oder Beeren. Leider waren diese nicht essbar.<\/p>\n\n\n\n<p>Danach ging es noch etwas tiefer in den Wald hinein. Peter verteilte Gl\u00e4schen an die Kinder und sie schwirrten aus, um im Wald weitere Sch\u00e4tze zu finden. Gro\u00df war die Freude, wenn man K\u00e4fer, W\u00fcrmer, Schnecken oder sogar einen Halswirbelknochen eines gr\u00f6\u00dferen Tieres fand. Jeder Fund wurde in der gro\u00dfen Runde besprochen und die Tiere wurden anschlie\u00dfend auch wieder freigelassen.<\/p>\n\n\n\n<p>Manche Kinder waren sogar mutig und probierten Sauerampfer oder Bucheckern. Dabei stellten sie fest, dass der Sauerampfer ja tats\u00e4chlich sauer schmeckt.<\/p>\n\n\n\n<p>Viel zu schnell verging die Zeit und wir mussten in die Schule zur\u00fcckkehren, weil der Schultag schon zu Ende war.<\/p>\n\n\n\n<p><\/p>\n","protected":false},"excerpt":{"rendered":"<p>An einem goldenen Herbsttag begann das neue Sachunterrichtsthema \u201eDer Wald\u201c nicht im Klassenzimmer, sondern in der Natur. Die Kinder der 2. Klassen liefen zusammen mit ihren Lehrerinnen und Peter R\u00f6sch in den Wald beim D\u00fcnenklassenzimmer. Nach einem ausgiebigen Picknick wurde erst einmal flei\u00dfig mit St\u00f6cken und Bl\u00e4ttern gebaut oder gespielt. Anschlie\u00dfend sollten Bl\u00e4tter und Fr\u00fcchte [&hellip;]<\/p>\n","protected":false},"author":1,"featured_media":277,"comment_status":"closed","ping_status":"open","sticky":false,"template":"","format":"standard","meta":{"_jetpack_memberships_contains_paid_content":false,"footnotes":""},"categories":[1],"tags":[],"class_list":["post-276","post","type-post","status-publish","format-standard","has-post-thumbnail","hentry","category-uncategorized","latest_post"],"jetpack_featured_media_url":"https:\/\/www.fegs-oftersheim.de\/wp-content\/uploads\/2025\/11\/2025-10-15-Waldtag-Klasse-2-scaled.jpg","jetpack_sharing_enabled":true,"_links":{"self":[{"href":"https:\/\/www.fegs-oftersheim.de\/index.php\/wp-json\/wp\/v2\/posts\/276","targetHints":{"allow":["GET"]}}],"collection":[{"href":"https:\/\/www.fegs-oftersheim.de\/index.php\/wp-json\/wp\/v2\/posts"}],"about":[{"href":"https:\/\/www.fegs-oftersheim.de\/index.php\/wp-json\/wp\/v2\/types\/post"}],"author":[{"embeddable":true,"href":"https:\/\/www.fegs-oftersheim.de\/index.php\/wp-json\/wp\/v2\/users\/1"}],"replies":[{"embeddable":true,"href":"https:\/\/www.fegs-oftersheim.de\/index.php\/wp-json\/wp\/v2\/comments?post=276"}],"version-history":[{"count":1,"href":"https:\/\/www.fegs-oftersheim.de\/index.php\/wp-json\/wp\/v2\/posts\/276\/revisions"}],"predecessor-version":[{"id":278,"href":"https:\/\/www.fegs-oftersheim.de\/index.php\/wp-json\/wp\/v2\/posts\/276\/revisions\/278"}],"wp:featuredmedia":[{"embeddable":true,"href":"https:\/\/www.fegs-oftersheim.de\/index.php\/wp-json\/wp\/v2\/media\/277"}],"wp:attachment":[{"href":"https:\/\/www.fegs-oftersheim.de\/index.php\/wp-json\/wp\/v2\/media?parent=276"}],"wp:term":[{"taxonomy":"category","embeddable":true,"href":"https:\/\/www.fegs-oftersheim.de\/index.php\/wp-json\/wp\/v2\/categories?post=276"},{"taxonomy":"post_tag","embeddable":true,"href":"https:\/\/www.fegs-oftersheim.de\/index.php\/wp-json\/wp\/v2\/tags?post=276"}],"curies":[{"name":"wp","href":"https:\/\/api.w.org\/{rel}","templated":true}]}}